{"id":1192,"date":"2018-11-02T10:04:13","date_gmt":"2018-11-02T08:04:13","guid":{"rendered":"https:\/\/kio.fi\/kk\/?p=1192"},"modified":"2018-11-02T10:04:13","modified_gmt":"2018-11-02T08:04:13","slug":"kiittamaton-ay-mafia","status":"publish","type":"post","link":"https:\/\/kio.fi\/kk\/kiittamaton-ay-mafia\/","title":{"rendered":"Kiitt\u00e4m\u00e4t\u00f6n Ay-mafia"},"content":{"rendered":"<p>Teksti: Aapo Niemi<br \/>\nKuvat: Kuvatoimistot<\/p>\n<p>Varoitus, sis\u00e4lt\u00e4\u00e4 astetta rankempaa sarkasmia.<\/p>\n<p>Onhan se nyt kumma, kun ay-liike on taas kitisem\u00e4ss\u00e4 Sipil\u00e4n hallituksen toimista. Sipil\u00e4 on syyst\u00e4kin harmissaan, kun mik\u00e4\u00e4n sille ay-liikkeelle ei tunnu kelpaavan. Sipil\u00e4ll\u00e4 kun on aito huoli ja halu auttaa ty\u00f6ntekij\u00f6it\u00e4. N\u00e4in ty\u00f6ntekij\u00e4my\u00f6nteist\u00e4 Suomen hallitusta ei ole varmasti ikin\u00e4 aikaisemmin ollut.<\/p>\n<p><img loading=\"lazy\" decoding=\"async\" class=\"size-medium wp-image-1195 alignleft\" src=\"https:\/\/kio.fi\/kk\/wp-content\/uploads\/2018\/10\/pirate-2123313_1920-300x300.png\" alt=\"\" width=\"300\" height=\"300\" srcset=\"https:\/\/kio.fi\/kk\/wp-content\/uploads\/2018\/10\/pirate-2123313_1920-300x300.png 300w, https:\/\/kio.fi\/kk\/wp-content\/uploads\/2018\/10\/pirate-2123313_1920-150x150.png 150w, https:\/\/kio.fi\/kk\/wp-content\/uploads\/2018\/10\/pirate-2123313_1920-768x768.png 768w, https:\/\/kio.fi\/kk\/wp-content\/uploads\/2018\/10\/pirate-2123313_1920-1024x1024.png 1024w, https:\/\/kio.fi\/kk\/wp-content\/uploads\/2018\/10\/pirate-2123313_1920.png 1920w\" sizes=\"auto, (max-width: 300px) 100vw, 300px\" \/>Hallitus on ajanut ty\u00f6ntekij\u00f6iden etua monilla eri tavoin. Pakkolailla haluttiin kevent\u00e4\u00e4 ty\u00f6ntekij\u00f6iden huolta lakipyk\u00e4list\u00e4 antamalla ty\u00f6nantajalle enemm\u00e4n valtaa. T\u00e4m\u00e4 ei ik\u00e4v\u00e4 kyll\u00e4 mennyt l\u00e4pi, mutta sill\u00e4 saatiin ty\u00f6nantajapuoli kiristetty\u00e4 kiky-sopimukseen, jotta ty\u00f6ntekij\u00e4t saavat nauttia 24 tuntia enemm\u00e4n aikaa ty\u00f6paikoillaan. Ei siit\u00e4 nyt enemp\u00e4\u00e4 rahaa saa, mutta aikaa pois kotoa perheen parista, eik\u00e4 sille voi edes m\u00e4\u00e4ritell\u00e4 hintaa. Ty\u00f6ntekij\u00e4t my\u00f6s saavat osallistua enemm\u00e4n ty\u00f6nantajamaksuihin. Se lis\u00e4\u00e4 kivasti tunnetta, ett\u00e4 ollaan ty\u00f6nantajan kanssa yht\u00e4 perhett\u00e4. Julkinen sektori sai my\u00f6s leikata lomarahojaan, niin ei tule sitten lomalla niin paljoa ryyp\u00e4tty\u00e4 ja s\u00e4ilyy sitten ty\u00f6kykykin pidemp\u00e4\u00e4n, sill\u00e4 kaljaahan se duunari vaan kittaa.<\/p>\n<p>Koeaikaa pidennettiin, ett\u00e4 ty\u00f6ntekij\u00e4 saa pidemp\u00e4\u00e4n mietti\u00e4 onko t\u00e4\u00e4 kiva duunipaikka just mulle. Toki jos ty\u00f6ntekij\u00e4 omasta tahdostaan l\u00e4htee koeajalla, niin siit\u00e4 seuraa kolmen kuukauden karenssi, mutta ei t\u00e4llaiselle vapaudellekaan voi laskea hintaa. Kun ty\u00f6nantajan takaisinottovelvollisuutta laskettiin yhdeks\u00e4st\u00e4 kuukaudesta nelj\u00e4\u00e4n kuukauteen, niin ei tarvitse pois potkitun ty\u00f6ntekij\u00e4n vastailla tiedusteluihin ty\u00f6paikasta. Saavat ty\u00f6nantajat l\u00f6yt\u00e4\u00e4 nopeammin uudet perehdytett\u00e4v\u00e4t.<\/p>\n<p>Ty\u00f6ntekij\u00e4t ovat saaneet pit\u00e4\u00e4 palkkamalttia ja olleet jopa kokonaisen vuoden ilman palkankorotusta. Ei tarvinnut v\u00e4h\u00e4-\u00e4lyisten ty\u00f6ntekij\u00f6iden ihmetell\u00e4, ett\u00e4 kuinka paljon se palkka nyt taas olikaan. Se my\u00f6s lis\u00e4si ty\u00f6n merkityksellisyytt\u00e4, koska tottahan se on, ett\u00e4 raha pilaa ihmiset. Ei tehd\u00e4 en\u00e4\u00e4 niin sanotusti rakkaudesta lajiin. N\u00e4kyyh\u00e4n se nyt ammattiurheilussakin.<\/p>\n<p>Eik\u00e4 Sipil\u00e4n huoli ole pelk\u00e4st\u00e4\u00e4n ty\u00f6llisiin kohdistunut. Kyll\u00e4 my\u00f6s ty\u00f6tt\u00f6m\u00e4t, tuo hassu pieni yksinkertainen joukkio, on l\u00e4hell\u00e4 Sipil\u00e4n syd\u00e4nt\u00e4. Siksip\u00e4 Sipil\u00e4 toi heille ihanan aktiivimallin. Aktiivimallissa ty\u00f6t\u00f6n saa tehd\u00e4 palkkaty\u00f6t\u00e4 18 tuntia kuukaudessa, toimia yritt\u00e4j\u00e4n\u00e4 v\u00e4hint\u00e4\u00e4n 241\u20ac verran tai osallistua viiten\u00e4 p\u00e4iv\u00e4n\u00e4 kuukaudessa TE-toimiston ty\u00f6llist\u00e4miskoulutuksiin. Se, ettei t\u00f6it\u00e4 18 tunniksi oikein ole saatavilla, yritt\u00e4j\u00e4n\u00e4 toimimisen ja ty\u00f6tt\u00f6myystukien yhdist\u00e4minen on liki mahdotonta ja TE-toimistojen kurssien v\u00e4hyys, tuovat vain lis\u00e4\u00e4 kiinnostavuutta t\u00e4h\u00e4n hauskaan ty\u00f6tt\u00f6myys seikkailuun. Palkkiona n\u00e4iden ehtojen t\u00e4yttymisest\u00e4 ty\u00f6t\u00f6n saa pit\u00e4\u00e4 ty\u00f6tt\u00f6myyskorvauksensa. Eik\u00e4 sek\u00e4\u00e4n huono juttu ole, vaikkei ehdot t\u00e4yttyisik\u00e4\u00e4n. Silloin etuutta leikataan 4,65% kolmen kuukauden ajan, vaikka ehdot tuona aikana t\u00e4yttyisiv\u00e4tkin. J\u00e4\u00e4p\u00e4 muutama kalja v\u00e4hemm\u00e4n ostettua, koska kaljaahan ne kaikki ty\u00f6tt\u00f6m\u00e4t niill\u00e4 rahoilla ostaisivat.<\/p>\n<p>Eik\u00e4 t\u00e4ss\u00e4 viel\u00e4 kaikki. Sipil\u00e4n rakkaus ty\u00f6tt\u00f6mi\u00e4 kohtaan on tuonut my\u00f6s uuden aktiivimallin eli aktiivimalli kakkosen. T\u00e4ss\u00e4 mallissa ty\u00f6tt\u00f6m\u00e4t saavat raportoida hakemistaan v\u00e4hint\u00e4\u00e4n nelj\u00e4st\u00e4, potentiaalisesta ty\u00f6paikasta. Jos t\u00e4ss\u00e4 ei onnistu, niin he saavat vastaanottaa karenssin. Eip\u00e4 mene nek\u00e4\u00e4n rahat sitten siihen kaljaan.<\/p>\n<p>Juhan viimeisimp\u00e4n\u00e4 ty\u00f6ntekij\u00f6it\u00e4 auttavana hankkeena on meneill\u00e4\u00e4n irtisanomissuojan heikennys. T\u00e4m\u00e4 mahdollinen lakimuutos olisi alunperin heikent\u00e4nyt alle kaksikymment\u00e4 ty\u00f6ntekij\u00e4\u00e4 ty\u00f6llist\u00e4vien yritysten ty\u00f6ntekij\u00f6iden irtisanomissuojaa. T\u00e4m\u00e4 tietenkin taianomaisesti lis\u00e4isi ty\u00f6paikkoja. My\u00f6s ty\u00f6ntekij\u00f6iden ty\u00f6viihtyvyys lis\u00e4\u00e4ntyy, kun ei tarvitse valittaa tai huolehtia mist\u00e4\u00e4n, vaan voi vain ihailla ty\u00f6nantajan mestarillista olemusta ja marssia menestyksest\u00e4 menestykseen. Jos jokin kuitenkin yrityksess\u00e4 menee pieleen, on se tietenkin sen yhden laiskan saikuttavan ty\u00f6kaverin syy. Ja sitten sen yhden joka kehtaa ottaa poliittisesti asioihin kantaa ja kiinnitt\u00e4\u00e4 huomioita ty\u00f6paikan ep\u00e4kohtiin. Vika saattaa olla my\u00f6s sen joka kehtaa syytt\u00e4\u00e4 ty\u00f6nantajaa seksuaalisesta h\u00e4irinn\u00e4st\u00e4. Mutta kaikkien ty\u00f6ntekij\u00f6iden onneksi n\u00e4ist\u00e4 m\u00e4dist\u00e4 omenoista p\u00e4\u00e4st\u00e4isiin jatkossa eroon.<\/p>\n<p>Syyt\u00f6kset siit\u00e4, ett\u00e4 kyseess\u00e4 olisi jokin \u201dp\u00e4rst\u00e4kerroin\u201d-laki on suorastaan loukkaava. Hyv\u00e4\u00e4 ty\u00f6ntekij\u00e4\u00e4 ei ole ikin\u00e4 kukaan miss\u00e4\u00e4n irtisanonut. Haastan teid\u00e4t n\u00e4ytt\u00e4m\u00e4\u00e4n minulle yhdenkin tapauksen jossa n\u00e4in olisi tapahtunut. Arvasin, ettette l\u00f6yt\u00e4nyt yht\u00e4\u00e4n.<\/p>\n<p>Mutta pitih\u00e4n sen ay-liikkeen t\u00e4st\u00e4kin lakiesityksest\u00e4 nillitt\u00e4\u00e4. Joten ensin Juha, aivan oikein, l\u00e4hti hakemaan enemmist\u00f6hallitukselle luottamusta eduskunnalta, vaikkei mit\u00e4\u00e4n lakiesityst\u00e4 viel\u00e4 ollut olemassa. Ja koska kaikki, varsinkin hallituspuolueiden edustajat saivat omantunnon mukaan \u00e4\u00e4nest\u00e4\u00e4, niin tietenkin t\u00e4m\u00e4 duunaria rakastava hallitus sai luottamuksen. Noh Juha on sen verran hieno mies, ett\u00e4 antoi kuitenkin hyv\u00e4\u00e4 hyvyytt\u00e4\u00e4n ay-v\u00e4elle my\u00f6nnytyksi\u00e4 alentamalla ty\u00f6ntekij\u00e4m\u00e4\u00e4r\u00e4n ensiksi kymmeneen ja sitten poistaen henkil\u00f6m\u00e4\u00e4r\u00e4n kokonaan, mutta tilanne on viel\u00e4 v\u00e4h\u00e4n kesken.<\/p>\n<p>Suomen Yritt\u00e4j\u00e4t puolestaan ovat ymm\u00e4rrett\u00e4v\u00e4sti suuttuneita hallitukselle, etenkin Juhan uskonveli Mikael. N\u00e4in yritt\u00e4j\u00e4vihamielist\u00e4 hallitusta ei ole ennen Suomessa n\u00e4hty. Kaikki tehd\u00e4\u00e4n ty\u00f6ntekij\u00f6iden hyv\u00e4ksi, eik\u00e4 yritysten etuja ajeta mill\u00e4\u00e4n lailla. Mediassakin yritt\u00e4j\u00e4t n\u00e4ytet\u00e4\u00e4n itsekk\u00e4in\u00e4 mafiosoina, vaikka ep\u00e4itsekk\u00e4\u00e4sti Suomen etuja he t\u00e4ss\u00e4kin ajaa.<\/p>\n<p>Ay-liikkeen hy\u00f6kk\u00e4ykset demokraattisesti valittua hallitusta vastaan ovat suorastaan t\u00f6rkeit\u00e4!! Hallituspuolueet ovat pit\u00e4neet kaikki lupaukset, mitk\u00e4 ennen vaaleja antoivat mm. koulutusleikkauksista ja k\u00f6yhimpien tukemisesta. Itsekin muistan kuinka viime eduskuntavaaleissa, k\u00e4vin aurinkoisena kev\u00e4tp\u00e4iv\u00e4n\u00e4 \u00e4\u00e4nest\u00e4m\u00e4ss\u00e4. K\u00e4vin kovaa pohdintaa mieless\u00e4ni ket\u00e4 \u00e4\u00e4nest\u00e4isin. \u00c4\u00e4nest\u00e4isink\u00f6 perinteisi\u00e4 ty\u00f6v\u00e4enpuolueita vai esimerkiksi viiden ministerin Sinisen tulevaisuutta. Sinisen tulevaisuuden \u00e4\u00e4nest\u00e4misen teki hankalaksi tuolloin toki se tosi seikka, ettei kyseinen puolue ollut silloin olemassa. Mutta se nyt vain kuuluu edistykselliseen demokratiaan. Hallitukseen menness\u00e4\u00e4n Siniset kuuluivat siis Perussuomalaisiin, jotka my\u00f6s pitiv\u00e4t kiinni kaikista vaalilupauksistaan viimeiseen asti.<\/p>\n<p>Nyt ay-liikkeen pit\u00e4isi katsoa peiliin ja valittamisen sijaan ihannoida meid\u00e4n kaikkien ty\u00f6l\u00e4isten sankaria Sipil\u00e4n Juhaa. Juhaa, joka ep\u00e4itsekk\u00e4\u00e4sti bisneksens\u00e4 unohtaen ja tappiota tehden, uhrasi itsens\u00e4 jokaisen meid\u00e4n duunarin etujen vuoksi.<\/p>\n<p>K\u00e4si lippaan Juhalle. Kiitos Juha!!<\/p>\n<p>Kirjoittaja on p\u00e4\u00e4luottamusmies ja ay-ja poliittinen aktiivi, joka ymm\u00e4rt\u00e4\u00e4 my\u00f6s yritt\u00e4jien haasteita, mutta ei hyv\u00e4ksy yritt\u00e4j\u00e4n vastuun siirt\u00e4mist\u00e4 duunareille ja vastustaa Sipil\u00e4n hallituksen duunarivihamielist\u00e4 politiikkaa.<\/p>\n<p>&nbsp;<\/p>\n","protected":false},"excerpt":{"rendered":"<div class=\"mh-excerpt\"><p>Teksti: Aapo Niemi Kuvat: Kuvatoimistot Varoitus, sis\u00e4lt\u00e4\u00e4 astetta rankempaa sarkasmia. Onhan se nyt kumma, kun ay-liike on taas kitisem\u00e4ss\u00e4 Sipil\u00e4n hallituksen toimista. Sipil\u00e4 on syyst\u00e4kin harmissaan, kun mik\u00e4\u00e4n sille ay-liikkeelle ei tunnu kelpaavan. Sipil\u00e4ll\u00e4 kun <a class=\"mh-excerpt-more\" href=\"https:\/\/kio.fi\/kk\/kiittamaton-ay-mafia\/\" title=\"Kiitt\u00e4m\u00e4t\u00f6n Ay-mafia\">[Lue lis\u00e4\u00e4&#8230;]<\/a><\/p>\n<\/div>","protected":false},"author":45,"featured_media":1195,"comment_status":"closed","ping_status":"closed","sticky":false,"template":"","format":"standard","meta":{"footnotes":""},"categories":[110],"tags":[114,23,164,156,155,152,161,165,167,163,162,154,166],"class_list":{"0":"post-1192","1":"post","2":"type-post","3":"status-publish","4":"format-standard","5":"has-post-thumbnail","7":"category-110","8":"tag-aktiivimalli","9":"tag-ay-liike","10":"tag-ay-mafia","11":"tag-eduskunta","12":"tag-hallitus","13":"tag-irtisanomislaki","14":"tag-kiky-sopimus","15":"tag-koeaika","16":"tag-nollakorotus","17":"tag-pakina","18":"tag-sarkasmi","19":"tag-sipila","20":"tag-takaisinottovelvollisuus"},"_links":{"self":[{"href":"https:\/\/kio.fi\/kk\/wp-json\/wp\/v2\/posts\/1192","targetHints":{"allow":["GET"]}}],"collection":[{"href":"https:\/\/kio.fi\/kk\/wp-json\/wp\/v2\/posts"}],"about":[{"href":"https:\/\/kio.fi\/kk\/wp-json\/wp\/v2\/types\/post"}],"author":[{"embeddable":true,"href":"https:\/\/kio.fi\/kk\/wp-json\/wp\/v2\/users\/45"}],"replies":[{"embeddable":true,"href":"https:\/\/kio.fi\/kk\/wp-json\/wp\/v2\/comments?post=1192"}],"version-history":[{"count":6,"href":"https:\/\/kio.fi\/kk\/wp-json\/wp\/v2\/posts\/1192\/revisions"}],"predecessor-version":[{"id":1441,"href":"https:\/\/kio.fi\/kk\/wp-json\/wp\/v2\/posts\/1192\/revisions\/1441"}],"wp:featuredmedia":[{"embeddable":true,"href":"https:\/\/kio.fi\/kk\/wp-json\/wp\/v2\/media\/1195"}],"wp:attachment":[{"href":"https:\/\/kio.fi\/kk\/wp-json\/wp\/v2\/media?parent=1192"}],"wp:term":[{"taxonomy":"category","embeddable":true,"href":"https:\/\/kio.fi\/kk\/wp-json\/wp\/v2\/categories?post=1192"},{"taxonomy":"post_tag","embeddable":true,"href":"https:\/\/kio.fi\/kk\/wp-json\/wp\/v2\/tags?post=1192"}],"curies":[{"name":"wp","href":"https:\/\/api.w.org\/{rel}","templated":true}]}}