{"id":1203,"date":"2018-11-02T10:02:11","date_gmt":"2018-11-02T08:02:11","guid":{"rendered":"https:\/\/kio.fi\/kk\/?p=1203"},"modified":"2018-11-02T10:02:11","modified_gmt":"2018-11-02T08:02:11","slug":"aktiivimalli-kurittaa-tyottomia","status":"publish","type":"post","link":"https:\/\/kio.fi\/kk\/aktiivimalli-kurittaa-tyottomia\/","title":{"rendered":"Aktiivimalli kurittaa ty\u00f6tt\u00f6mi\u00e4"},"content":{"rendered":"<p>Teksti: Markku Eilola-Jokivirta<br \/>\nPiirros: Frans Jokivirta<\/p>\n<figure id=\"attachment_1258\" aria-describedby=\"caption-attachment-1258\" style=\"width: 225px\" class=\"wp-caption alignright\"><img loading=\"lazy\" decoding=\"async\" class=\"size-medium wp-image-1258\" src=\"https:\/\/kio.fi\/kk\/wp-content\/uploads\/2018\/10\/IMG_2567-e1540969292678-225x300.jpg\" alt=\"\" width=\"225\" height=\"300\" srcset=\"https:\/\/kio.fi\/kk\/wp-content\/uploads\/2018\/10\/IMG_2567-e1540969292678-225x300.jpg 225w, https:\/\/kio.fi\/kk\/wp-content\/uploads\/2018\/10\/IMG_2567-e1540969292678-768x1024.jpg 768w\" sizes=\"auto, (max-width: 225px) 100vw, 225px\" \/><figcaption id=\"caption-attachment-1258\" class=\"wp-caption-text\">Markku Eilola-Jokivirta<\/figcaption><\/figure>\n<p>Sipil\u00e4n hallitus on muuttanut suomalaisten ty\u00f6tt\u00f6myysturvaa ennenn\u00e4kem\u00e4tt\u00f6m\u00e4n paljon, ja ongelmallista on, etteiv\u00e4t muutokset kohtele ty\u00f6tt\u00f6mi\u00e4 alueellisesti yhdenvertaisesti. Mik\u00e4li hallituksen valmistelema omaehtoisen ty\u00f6nhaun malli toteutuu, tulee eriarvoisuus viel\u00e4 lis\u00e4\u00e4ntym\u00e4\u00e4n nykyisest\u00e4.<\/p>\n<p>Ty\u00f6markkinaj\u00e4rjest\u00f6jen ja hallituksen sopiman kilpailukykysopimuksen vastaisesti hallitus iski kyntens\u00e4 ty\u00f6tt\u00f6mien kukkaroon vuoden 2018 alussa, ja ensimm\u00e4iset leikkaukset tehtiin vuoden toisella nelj\u00e4nneksell\u00e4. Ty\u00f6ntekij\u00e4n on osoitettava aktiivisuutensa ty\u00f6nhakijana 65 maksup\u00e4iv\u00e4\u00e4 kest\u00e4v\u00e4n tarkastelujakson aikana tai muuten ty\u00f6tt\u00f6myysetuutta voidaan leikata.<\/p>\n<p>Ty\u00f6tt\u00f6myysetuutta hakevan pit\u00e4\u00e4 olla ty\u00f6t\u00f6n, ilmoittautunut ty\u00f6nhakijaksi ja haettava kokoaikaty\u00f6t\u00e4. T\u00e4m\u00e4n lis\u00e4ksi h\u00e4nen on oltava valmiina ottamaan vastaan tarjottu ty\u00f6- tai opiskelupaikka ja osallistuttava ty\u00f6llistymist\u00e4 edist\u00e4viin palveluihin. TE-toimisto antaa lausunnon ty\u00f6tt\u00f6myysetuuden maksajalle, jonka perusteella ty\u00f6tt\u00f6myysetuus maksetaan tai ollaan maksamatta.<\/p>\n<h2>Miten ty\u00f6t\u00f6n voi osoittaa aktiivisuutensa<\/h2>\n<p>Ty\u00f6tt\u00f6m\u00e4ll\u00e4 on k\u00e4yt\u00e4nn\u00f6ss\u00e4 kolme vaihtoehtoa osoittaa aktiivisuutensa TE-toimistolle. Ensimm\u00e4inen vaihtoehto on tehd\u00e4 tarkastelujakson aikana 18 tuntia t\u00f6it\u00e4, eik\u00e4 mik\u00e4 tahansa ty\u00f6 k\u00e4y aktiivisuuden osoitukseksi. Ty\u00f6st\u00e4 pit\u00e4\u00e4 saada ty\u00f6ehtosopimuksen mukainen palkka tai ty\u00f6tt\u00f6myysetuuden maksajan m\u00e4\u00e4ritt\u00e4m\u00e4 v\u00e4himm\u00e4ispalkka.<br \/>\nToinen vaihtoehto on tienata yritt\u00e4j\u00e4n\u00e4 v\u00e4hint\u00e4\u00e4n 241\u20ac tarkastelujakson aikana.<br \/>\nKolmas vaihtoehto on osallistua viisi p\u00e4iv\u00e4\u00e4 TE-toimiston ty\u00f6llistymist\u00e4 edist\u00e4viin palveluihin.<\/p>\n<p>Etuuden maksaja valvoo aktiivisuuden toteutumista, mutta eri aktivoitumismalleja ei voi yhdistell\u00e4. Aktivoitumisen on tapahduttava kokonaisuudessaan yhdess\u00e4 kolmesta vaihtoehdossa, ja mik\u00e4li aktivoituminen j\u00e4\u00e4 vajaaksi ty\u00f6tt\u00f6myysetuutta leikataan 4,65%. Mediassa on tarinoita, miten ty\u00f6tt\u00f6m\u00e4lt\u00e4 on ev\u00e4tty koko ty\u00f6tt\u00f6myysetuus, kun h\u00e4n on ty\u00f6skennellyt aktiivisuuden osoittamiseksi 18 tuntia tarkastelujakson aikana puolisonsa yrityksess\u00e4. Ty\u00f6tt\u00f6m\u00e4n on tulkittu olevan yritt\u00e4j\u00e4 perheyrityksess\u00e4 ja maksettuja ty\u00f6tt\u00f6myysetuuksia on peritty takautuvasti pois.<\/p>\n<p>Aktiivimalli ei ole pelkk\u00e4\u00e4 leikkausta, sill\u00e4 omavastuup\u00e4ivien m\u00e4\u00e4r\u00e4 laski seitsem\u00e4st\u00e4 viiteen. T\u00e4st\u00e4 syyst\u00e4 yksityinen ty\u00f6tt\u00f6myyskassa laski osan ty\u00f6tt\u00f6mist\u00e4 hy\u00f6tyneen taloudellisesti uudistuksesta, vaikka etuutta oli leikattu. N\u00e4in tapahtuikin ensimm\u00e4isen tarkastelujakson j\u00e4lkeen, kun karenssip\u00e4ivi\u00e4 oli v\u00e4hennetty, mutta seuraavilla jaksoilla karenssip\u00e4ivien v\u00e4hentyminen ei en\u00e4\u00e4 tuonut hy\u00f6ty\u00e4.<\/p>\n<p>Maakunnittain ty\u00f6tt\u00f6myysetuuden leikkauksien vaihtelut ovat suuria, ja etuutta on leikattu arviolta reilulta puolelta ty\u00f6tt\u00f6mist\u00e4 ty\u00f6nhakijoista. Keski-Pohjanmaalla aktiivisuusehdon t\u00e4ytti 62% ty\u00f6tt\u00f6mist\u00e4, kun vastaava luku Pohjois-Savossa oli 42%. Eniten leikkaukset kohdistuvat i\u00e4kk\u00e4isiin miehiin, esimerkiksi Paperiliiton ty\u00f6tt\u00f6myyskassassa etuutta on leikattu 76% ty\u00f6nhakijoista ja 86% lis\u00e4p\u00e4ivill\u00e4 olevista.<\/p>\n<h2><strong>Kuullaanko ty\u00f6markkinaj\u00e4rjest\u00f6j\u00e4 jatkossa<\/strong><\/h2>\n<p>Hallitus on valmistellut omatoimisen ty\u00f6nhaun mallia ja uudistus tulisi voimaan siirrytt\u00e4ess\u00e4 maakuntamalliin. Aktiivisuuden osoittamisen lis\u00e4ksi ty\u00f6t\u00f6n velvoitettaisiin hakemaan nelj\u00e4\u00e4 sellaista ty\u00f6paikkaa kuukauden aikana, mihin voi perustellusti olettaa ty\u00f6llistyv\u00e4ns\u00e4. Hakemiseksi laskettaisiin ty\u00f6hakemuksen lis\u00e4ksi suora yhteydenotto ty\u00f6nantajaan, k\u00e4ynti rekrytointitapahtumissa ja ilmoittautuminen vuokraty\u00f6t\u00e4 tai laskutuspalveluja v\u00e4litt\u00e4vien yritysten rekistereihin. Tyhjenev\u00e4ll\u00e4 maaseudulla ty\u00f6n hakeminen on paljon hankalampaa kuin suurissa kasvukeskuksissa, ja n\u00e4ill\u00e4 n\u00e4kymin malli huomioisi alueen ty\u00f6llisyystilanteen ja hakijan henkil\u00f6kohtaiset ominaisuudet.<\/p>\n<p>Ty\u00f6ntekij\u00e4j\u00e4rjest\u00f6t ajautuivat poliittisiin lakkoihin hallituksen valmistellessa irtisanomislakia, tilanne k\u00e4rjistyi ja n\u00e4ytti, ettei kenell\u00e4k\u00e4\u00e4n ole siisti\u00e4 ulosp\u00e4\u00e4sy\u00e4 tilanteesta. Perjantaina 26.10. hallitus muutti valmistelemaansa esityst\u00e4 ja mahdollisti ainakin v\u00e4lirauhan toivottomalta tuntuvassa tilanteessa. Keskusj\u00e4rjest\u00f6t saivat kutsun sek\u00e4 aktiivi- ett\u00e4 omaehtoisen ty\u00f6llistymisen mallin uudistuksia valmisteleviin ty\u00f6ryhmiin. Kolmikantaisessa valmistelussa voidaan ehk\u00e4 poistaa mallien suurimpia ongelmia. Ainakin hallituksen esitys voi her\u00e4tt\u00e4\u00e4 kolmikantaiset neuvottelut henkiin 28.2.2019 asti.<\/p>\n<p>Ty\u00f6llisyytt\u00e4 aktiivimalli tuskin on lis\u00e4nnyt, vaikka hallinnollinen ty\u00f6 ja byrokratia ovat lis\u00e4\u00e4ntyneet. Pyk\u00e4lien tulkinnassa on ollut alussa vaikeuksia kuten esimerkiksi, olisiko ty\u00f6tt\u00f6myysetuus pit\u00e4nyt muuttaa sovitelluksi p\u00e4iv\u00e4rahaksi ty\u00f6nteon takia. Vai onko sovitellun p\u00e4iv\u00e4rahan ehtona oleva osa-aika- tai p\u00e4tk\u00e4ty\u00f6 riitt\u00e4v\u00e4 ty\u00f6ss\u00e4oloehdon t\u00e4yttymiseksi, eik\u00e4 suunniteltu omaehtoisen ty\u00f6nhaun malli ainakaan selkiyt\u00e4 tilannetta.<\/p>\n<p>&nbsp;<\/p>\n<p>&nbsp;<\/p>\n","protected":false},"excerpt":{"rendered":"<div class=\"mh-excerpt\"><p>Teksti: Markku Eilola-Jokivirta Piirros: Frans Jokivirta Sipil\u00e4n hallitus on muuttanut suomalaisten ty\u00f6tt\u00f6myysturvaa ennenn\u00e4kem\u00e4tt\u00f6m\u00e4n paljon, ja ongelmallista on, etteiv\u00e4t muutokset kohtele ty\u00f6tt\u00f6mi\u00e4 alueellisesti yhdenvertaisesti. Mik\u00e4li hallituksen valmistelema omaehtoisen ty\u00f6nhaun malli toteutuu, tulee eriarvoisuus viel\u00e4 lis\u00e4\u00e4ntym\u00e4\u00e4n nykyisest\u00e4. <a class=\"mh-excerpt-more\" href=\"https:\/\/kio.fi\/kk\/aktiivimalli-kurittaa-tyottomia\/\" title=\"Aktiivimalli kurittaa ty\u00f6tt\u00f6mi\u00e4\">[Lue lis\u00e4\u00e4&#8230;]<\/a><\/p>\n<\/div>","protected":false},"author":44,"featured_media":1202,"comment_status":"closed","ping_status":"closed","sticky":false,"template":"","format":"standard","meta":{"footnotes":""},"categories":[110],"tags":[114,12,115,102,116],"class_list":{"0":"post-1203","1":"post","2":"type-post","3":"status-publish","4":"format-standard","5":"has-post-thumbnail","7":"category-110","8":"tag-aktiivimalli","9":"tag-kiky","10":"tag-omaehtoinen-tyonhaun-malli","11":"tag-tyottomyys","12":"tag-tyottomyysetuus"},"_links":{"self":[{"href":"https:\/\/kio.fi\/kk\/wp-json\/wp\/v2\/posts\/1203","targetHints":{"allow":["GET"]}}],"collection":[{"href":"https:\/\/kio.fi\/kk\/wp-json\/wp\/v2\/posts"}],"about":[{"href":"https:\/\/kio.fi\/kk\/wp-json\/wp\/v2\/types\/post"}],"author":[{"embeddable":true,"href":"https:\/\/kio.fi\/kk\/wp-json\/wp\/v2\/users\/44"}],"replies":[{"embeddable":true,"href":"https:\/\/kio.fi\/kk\/wp-json\/wp\/v2\/comments?post=1203"}],"version-history":[{"count":7,"href":"https:\/\/kio.fi\/kk\/wp-json\/wp\/v2\/posts\/1203\/revisions"}],"predecessor-version":[{"id":1438,"href":"https:\/\/kio.fi\/kk\/wp-json\/wp\/v2\/posts\/1203\/revisions\/1438"}],"wp:featuredmedia":[{"embeddable":true,"href":"https:\/\/kio.fi\/kk\/wp-json\/wp\/v2\/media\/1202"}],"wp:attachment":[{"href":"https:\/\/kio.fi\/kk\/wp-json\/wp\/v2\/media?parent=1203"}],"wp:term":[{"taxonomy":"category","embeddable":true,"href":"https:\/\/kio.fi\/kk\/wp-json\/wp\/v2\/categories?post=1203"},{"taxonomy":"post_tag","embeddable":true,"href":"https:\/\/kio.fi\/kk\/wp-json\/wp\/v2\/tags?post=1203"}],"curies":[{"name":"wp","href":"https:\/\/api.w.org\/{rel}","templated":true}]}}