{"id":163,"date":"2017-10-02T13:56:13","date_gmt":"2017-10-02T10:56:13","guid":{"rendered":"https:\/\/kio.fi\/kk\/?p=163"},"modified":"2017-10-04T17:21:22","modified_gmt":"2017-10-04T14:21:22","slug":"ammattiliittoon-kuulumisen-hyotyja","status":"publish","type":"post","link":"https:\/\/kio.fi\/kk\/ammattiliittoon-kuulumisen-hyotyja\/","title":{"rendered":"Ammattiliittoon kuulumisen hy\u00f6tyj\u00e4"},"content":{"rendered":"<p><em>Hei, miks mun tarttis muka kuuluu liittoo\u2026..<\/em><!--more--><\/p>\n<p>Teksti:\u00a0 Sami Nuutinen<\/p>\n<p>Kovin usein kuuluu tuollainen lause kes\u00e4ty\u00f6l\u00e4isten suusta. Ja nyky\u00e4\u00e4n jo monelta vakituiselta ty\u00f6ntekij\u00e4lt\u00e4kin. Vastaukseksi ei en\u00e4\u00e4 riit\u00e4:\u00a0&#8221;Sen takia, ett\u00e4 saat bensasta alennusta&#8221;. J\u00e4senyys kannattaa aina, on ty\u00f6suhteesi mik\u00e4 tahansa. Kuulumalla liittoon, saat luottamusmiehelt\u00e4 apua ty\u00f6el\u00e4m\u00e4ss\u00e4 eteen tulevien ongelmien ratkaisemisessa ja kerryt\u00e4t ansiosidonnaista p\u00e4iv\u00e4rahaasi. Ammattiliittoon kuuluvalla on oikeus osallistua ty\u00f6paikalla luottamusmiehen valintaan ja ty\u00f6huonekunnan, sek\u00e4 ammattiosaston toimintaan, kokouksiin ja vapaa-ajan tapahtumiin.<\/p>\n<h4><strong>Edut halutaan nyky\u00e4\u00e4n ilmaiseksi<\/strong><\/h4>\n<p>Ammattiliitto neuvottelee ty\u00f6nantajaliiton kanssa ty\u00f6ehtosopimuksen. T\u00e4st\u00e4 syyst\u00e4 kaikki, jotka kuuluvat yleiseen ty\u00f6tt\u00f6myyskassaan (YTK), nauttivat kyll\u00e4 ty\u00f6ehtosopimuksen eduista, mutta eiv\u00e4t ole valmiita maksamaan edunvalvonnan kuluja. T\u00e4m\u00e4 lis\u00e4\u00e4 ty\u00f6paikoilla eriarvoisuutta ja aiheuttaa aivan turhia ristiriitoja, sek\u00e4 konflikteja. Vuosien saatossa on saatu v\u00e4lill\u00e4 koviltakin tuntuvilla ty\u00f6taisteluilla palkansaajille nykymaailmassa itsest\u00e4\u00e4nselvyyksilt\u00e4 tuntuvia etuisuuksia. Esimerkkein\u00e4 kahdeksan tunnin ty\u00f6p\u00e4iv\u00e4, viisip\u00e4iv\u00e4inen ty\u00f6viikko, lomat, sairausloma-ajalta palkka, ylity\u00f6korvaukset, ty\u00f6terveyshuolto, irtisanomissuoja, ty\u00f6tt\u00f6myysturva ja niin edelleen.<\/p>\n<h4><strong>Sipil\u00e4n pakkolait torjuttiin<\/strong><\/h4>\n<p>Suomen hallitus p\u00e4\u00e4ministeri Juha Sipil\u00e4n johdolla esitti 8. syyskuuta pakkolakeja heikent\u00e4m\u00e4\u00e4n n\u00e4it\u00e4 palkansaajien etuuksia. Ammattiyhdistysliike k\u00e4ytti joukkovoimaa ja j\u00e4rjesti Helsingiss\u00e4 valtakunnallisen poliittisen mielenilmauksen 18. syyskuuta. T\u00e4m\u00e4n seurauksena pakkolait vedettiin pois ja niiden tilalle neuvoteltiin kilpailukykysopimus.<\/p>\n<p>Kuulumalla ammattiliittoon osoitat, ett\u00e4 arvostat itse\u00e4si ja omaa ty\u00f6t\u00e4si.<\/p>\n","protected":false},"excerpt":{"rendered":"<div class=\"mh-excerpt\"><p>Hei, miks mun tarttis muka kuuluu liittoo\u2026..<\/p>\n<\/div>","protected":false},"author":6,"featured_media":543,"comment_status":"open","ping_status":"closed","sticky":false,"template":"","format":"standard","meta":{"footnotes":""},"categories":[3],"tags":[29,30,28],"class_list":{"0":"post-163","1":"post","2":"type-post","3":"status-publish","4":"format-standard","5":"has-post-thumbnail","7":"category-3","8":"tag-ammattiliitto","9":"tag-kiljava","10":"tag-ytk"},"_links":{"self":[{"href":"https:\/\/kio.fi\/kk\/wp-json\/wp\/v2\/posts\/163","targetHints":{"allow":["GET"]}}],"collection":[{"href":"https:\/\/kio.fi\/kk\/wp-json\/wp\/v2\/posts"}],"about":[{"href":"https:\/\/kio.fi\/kk\/wp-json\/wp\/v2\/types\/post"}],"author":[{"embeddable":true,"href":"https:\/\/kio.fi\/kk\/wp-json\/wp\/v2\/users\/6"}],"replies":[{"embeddable":true,"href":"https:\/\/kio.fi\/kk\/wp-json\/wp\/v2\/comments?post=163"}],"version-history":[{"count":15,"href":"https:\/\/kio.fi\/kk\/wp-json\/wp\/v2\/posts\/163\/revisions"}],"predecessor-version":[{"id":714,"href":"https:\/\/kio.fi\/kk\/wp-json\/wp\/v2\/posts\/163\/revisions\/714"}],"wp:featuredmedia":[{"embeddable":true,"href":"https:\/\/kio.fi\/kk\/wp-json\/wp\/v2\/media\/543"}],"wp:attachment":[{"href":"https:\/\/kio.fi\/kk\/wp-json\/wp\/v2\/media?parent=163"}],"wp:term":[{"taxonomy":"category","embeddable":true,"href":"https:\/\/kio.fi\/kk\/wp-json\/wp\/v2\/categories?post=163"},{"taxonomy":"post_tag","embeddable":true,"href":"https:\/\/kio.fi\/kk\/wp-json\/wp\/v2\/tags?post=163"}],"curies":[{"name":"wp","href":"https:\/\/api.w.org\/{rel}","templated":true}]}}